{"id":16367,"date":"2025-05-29T15:00:00","date_gmt":"2025-05-29T18:00:00","guid":{"rendered":"https:\/\/www.wheaton.com.br\/?p=16367"},"modified":"2025-05-27T16:04:22","modified_gmt":"2025-05-27T19:04:22","slug":"mezcla-combina-crea-nuevos-colores-de-la-linea-confetti","status":"publish","type":"post","link":"https:\/\/www.wheaton.com.br\/es\/blog\/wheaton-casa-es\/mezcla-combina-crea-nuevos-colores-de-la-linea-confetti\/","title":{"rendered":"Mezcla, Combina, Crea: Nuevos colores de la L\u00ednea Confetti"},"content":{"rendered":"\n<p><strong>L\u00ednea Confetti ahora en coral y azul marino: para mesas que lo dicen todo, sin decir una palabra.<\/strong><br>La <em>L\u00ednea Confetti<\/em> llega con dos nuevos tonos \u2014 coral y azul marino \u2014 para transformar tu mesa en un espacio de expresi\u00f3n, y no solo de comida.<\/p>\n\n\n\n<p><strong>Tendencia en alza: Coral y Azul Marino<br><\/strong>Con inspiraci\u00f3n n\u00e1utica y un aire boho, esta paleta une frescura, elegancia y un toque artesanal que eleva cualquier ambiente. El azul transmite el encanto cl\u00e1sico del mar, mientras que el coral aporta calidez con un toque natural y hecho a mano.<\/p>\n\n\n\n<p>Ideal para la decoraci\u00f3n, esta dupla representa la sensaci\u00f3n del verano todo el a\u00f1o \u2014 sofisticada, acogedora y llena de personalidad. Piensa en atardeceres junto al mar, rayas cl\u00e1sicas y ese ambiente ligero de vacaciones.<\/p>\n\n\n\n<p>Disponibles en versiones llanas y hondas, los nuevos tonos de <em>Confetti<\/em> te invitan a experimentar, combinar y salir de lo obvio.<\/p>\n\n\n\n<p>Mezcla texturas, colores y emociones. Sirve con intenci\u00f3n. Crea momentos.Porque una mesa puesta no tiene que ser predecible.<br>El color tambi\u00e9n es un condimento.<\/p>\n\n\n\n<hr class=\"wp-block-separator has-text-color has-alpha-channel-opacity has-background is-style-wide\" style=\"background-color:#e4e4e4;color:#e4e4e4\"\/>\n\n\n\n<figure class=\"wp-block-image alignwide size-large is-style-default\"><img decoding=\"async\" width=\"1024\" height=\"384\" src=\"https:\/\/www.wheaton.com.br\/wp-content\/uploads\/2025\/05\/misture-combine-crie-novas-cores-da-linha-confetti-02-1024x384.jpg\" alt=\"\" class=\"wp-image-16347\" srcset=\"https:\/\/www.wheaton.com.br\/wp-content\/uploads\/2025\/05\/misture-combine-crie-novas-cores-da-linha-confetti-02-1024x384.jpg 1024w, https:\/\/www.wheaton.com.br\/wp-content\/uploads\/2025\/05\/misture-combine-crie-novas-cores-da-linha-confetti-02-300x113.jpg 300w, https:\/\/www.wheaton.com.br\/wp-content\/uploads\/2025\/05\/misture-combine-crie-novas-cores-da-linha-confetti-02-768x288.jpg 768w, https:\/\/www.wheaton.com.br\/wp-content\/uploads\/2025\/05\/misture-combine-crie-novas-cores-da-linha-confetti-02-1536x576.jpg 1536w, https:\/\/www.wheaton.com.br\/wp-content\/uploads\/2025\/05\/misture-combine-crie-novas-cores-da-linha-confetti-02-600x225.jpg 600w, https:\/\/www.wheaton.com.br\/wp-content\/uploads\/2025\/05\/misture-combine-crie-novas-cores-da-linha-confetti-02.jpg 1920w\" sizes=\"(max-width: 1024px) 100vw, 1024px\" \/><\/figure>\n\n\n\n<hr class=\"wp-block-separator has-text-color has-alpha-channel-opacity has-background is-style-wide\" style=\"background-color:#e4e4e4;color:#e4e4e4\"\/>\n\n\n\n<div class=\"wp-block-buttons is-content-justification-center is-layout-flex wp-container-core-buttons-is-layout-16018d1d wp-block-buttons-is-layout-flex\">\n<div class=\"wp-block-button has-custom-width wp-block-button__width-50 is-style-fill\"><a class=\"wp-block-button__link has-white-color has-vivid-green-cyan-background-color has-text-color has-background has-link-color has-text-align-center wp-element-button\" href=\"https:\/\/www.wheatoncasa.com.br\" target=\"_blank\" rel=\"noreferrer noopener\">E-commerce<\/a><\/div>\n<\/div>\n","protected":false},"excerpt":{"rendered":"<p>La L\u00ednea Confetti ahora est\u00e1 disponible en coral y azul marino \u2014 aportando frescura, elegancia y personalidad a tu mesa. \u00a1Porque el color tambi\u00e9n es un condimento!<\/p>\n","protected":false},"author":7,"featured_media":16352,"comment_status":"open","ping_status":"open","sticky":false,"template":"","format":"standard","meta":{"_acf_changed":false,"inline_featured_image":false,"footnotes":""},"categories":[599],"tags":[817,795,815,814,818,819,816,820,821,813,771],"class_list":["post-16367","post","type-post","status-publish","format-standard","has-post-thumbnail","hentry","category-wheaton-casa-es","tag-confetti-azul-marino","tag-confetti-coral-es","tag-decoracion-boho","tag-inspiracion-nautica","tag-linea-confetti-wheaton","tag-mesa-con-personalidad","tag-mesa-puesta-creativa","tag-tendencia-coral-y-azul","tag-utensilios-de-mesa-wheaton-2","tag-vajilla-colorida-wheaton","tag-vajilla-sofisticada"],"acf":[],"yoast_head":"<!-- This site is optimized with the Yoast SEO plugin v27.4 - https:\/\/yoast.com\/product\/yoast-seo-wordpress\/ -->\n<title>Mezcla, Combina, Crea: Nuevos colores de la L\u00ednea Confetti - Wheaton<\/title>\n<meta name=\"description\" content=\"Wheaton Casa apresentou tend\u00eancias, lan\u00e7amentos e conex\u00f5es em uma semana de inova\u00e7\u00e3o no design e utilidades dom\u00e9sticas.\" \/>\n<meta name=\"robots\" content=\"index, follow, max-snippet:-1, max-image-preview:large, max-video-preview:-1\" \/>\n<link rel=\"canonical\" href=\"https:\/\/www.wheaton.com.br\/es\/blog\/wheaton-casa-es\/mezcla-combina-crea-nuevos-colores-de-la-linea-confetti\/\" \/>\n<meta property=\"og:locale\" content=\"es_ES\" \/>\n<meta property=\"og:type\" content=\"article\" \/>\n<meta property=\"og:title\" content=\"Mezcla, Combina, Crea: Nuevos colores de la L\u00ednea Confetti - Wheaton\" \/>\n<meta property=\"og:description\" content=\"Wheaton Casa apresentou tend\u00eancias, lan\u00e7amentos e conex\u00f5es em uma semana de inova\u00e7\u00e3o no design e utilidades dom\u00e9sticas.\" \/>\n<meta property=\"og:url\" content=\"https:\/\/www.wheaton.com.br\/es\/blog\/wheaton-casa-es\/mezcla-combina-crea-nuevos-colores-de-la-linea-confetti\/\" \/>\n<meta property=\"og:site_name\" content=\"Wheaton\" \/>\n<meta property=\"article:published_time\" content=\"2025-05-29T18:00:00+00:00\" \/>\n<meta property=\"og:image\" content=\"https:\/\/www.wheaton.com.br\/wp-content\/uploads\/2025\/05\/misture-combine-crie-novas-cores-da-linha-confetti-cover.jpg\" \/>\n\t<meta property=\"og:image:width\" content=\"1920\" \/>\n\t<meta property=\"og:image:height\" content=\"1080\" \/>\n\t<meta property=\"og:image:type\" content=\"image\/jpeg\" \/>\n<meta name=\"author\" content=\"Luana Wheaton\" \/>\n<meta name=\"twitter:card\" content=\"summary_large_image\" \/>\n<meta name=\"twitter:label1\" content=\"Escrito por\" \/>\n\t<meta name=\"twitter:data1\" content=\"Luana Wheaton\" \/>\n\t<meta name=\"twitter:label2\" content=\"Tiempo de lectura\" \/>\n\t<meta name=\"twitter:data2\" content=\"2 minutos\" \/>\n<script type=\"application\/ld+json\" class=\"yoast-schema-graph\">{\"@context\":\"https:\\\/\\\/schema.org\",\"@graph\":[{\"@type\":\"Article\",\"@id\":\"https:\\\/\\\/www.wheaton.com.br\\\/es\\\/blog\\\/wheaton-casa-es\\\/mezcla-combina-crea-nuevos-colores-de-la-linea-confetti\\\/#article\",\"isPartOf\":{\"@id\":\"https:\\\/\\\/www.wheaton.com.br\\\/es\\\/blog\\\/wheaton-casa-es\\\/mezcla-combina-crea-nuevos-colores-de-la-linea-confetti\\\/\"},\"author\":{\"name\":\"Luana Wheaton\",\"@id\":\"https:\\\/\\\/www.wheaton.com.br\\\/es\\\/#\\\/schema\\\/person\\\/fa4f218431258ee733e36f8c9462b4a0\"},\"headline\":\"Mezcla, Combina, Crea: Nuevos colores de la L\u00ednea Confetti\",\"datePublished\":\"2025-05-29T18:00:00+00:00\",\"mainEntityOfPage\":{\"@id\":\"https:\\\/\\\/www.wheaton.com.br\\\/es\\\/blog\\\/wheaton-casa-es\\\/mezcla-combina-crea-nuevos-colores-de-la-linea-confetti\\\/\"},\"wordCount\":196,\"commentCount\":0,\"publisher\":{\"@id\":\"https:\\\/\\\/www.wheaton.com.br\\\/es\\\/#organization\"},\"image\":{\"@id\":\"https:\\\/\\\/www.wheaton.com.br\\\/es\\\/blog\\\/wheaton-casa-es\\\/mezcla-combina-crea-nuevos-colores-de-la-linea-confetti\\\/#primaryimage\"},\"thumbnailUrl\":\"https:\\\/\\\/www.wheaton.com.br\\\/wp-content\\\/uploads\\\/2025\\\/05\\\/misture-combine-crie-novas-cores-da-linha-confetti-cover.jpg\",\"keywords\":[\"Confetti azul marino\",\"Confetti coral\",\"decoraci\u00f3n boho\",\"inspiraci\u00f3n n\u00e1utica\",\"L\u00ednea Confetti Wheaton\",\"mesa con personalidad\",\"mesa puesta creativa\",\"tendencia coral y azul\",\"utensilios de mesa Wheaton\",\"vajilla colorida Wheaton\",\"vajilla sofisticada\"],\"articleSection\":[\"Wheaton Casa\"],\"inLanguage\":\"es\",\"potentialAction\":[{\"@type\":\"CommentAction\",\"name\":\"Comment\",\"target\":[\"https:\\\/\\\/www.wheaton.com.br\\\/es\\\/blog\\\/wheaton-casa-es\\\/mezcla-combina-crea-nuevos-colores-de-la-linea-confetti\\\/#respond\"]}]},{\"@type\":\"WebPage\",\"@id\":\"https:\\\/\\\/www.wheaton.com.br\\\/es\\\/blog\\\/wheaton-casa-es\\\/mezcla-combina-crea-nuevos-colores-de-la-linea-confetti\\\/\",\"url\":\"https:\\\/\\\/www.wheaton.com.br\\\/es\\\/blog\\\/wheaton-casa-es\\\/mezcla-combina-crea-nuevos-colores-de-la-linea-confetti\\\/\",\"name\":\"Mezcla, Combina, Crea: Nuevos colores de la L\u00ednea Confetti - Wheaton\",\"isPartOf\":{\"@id\":\"https:\\\/\\\/www.wheaton.com.br\\\/es\\\/#website\"},\"primaryImageOfPage\":{\"@id\":\"https:\\\/\\\/www.wheaton.com.br\\\/es\\\/blog\\\/wheaton-casa-es\\\/mezcla-combina-crea-nuevos-colores-de-la-linea-confetti\\\/#primaryimage\"},\"image\":{\"@id\":\"https:\\\/\\\/www.wheaton.com.br\\\/es\\\/blog\\\/wheaton-casa-es\\\/mezcla-combina-crea-nuevos-colores-de-la-linea-confetti\\\/#primaryimage\"},\"thumbnailUrl\":\"https:\\\/\\\/www.wheaton.com.br\\\/wp-content\\\/uploads\\\/2025\\\/05\\\/misture-combine-crie-novas-cores-da-linha-confetti-cover.jpg\",\"datePublished\":\"2025-05-29T18:00:00+00:00\",\"description\":\"Wheaton Casa apresentou tend\u00eancias, lan\u00e7amentos e conex\u00f5es em uma semana de inova\u00e7\u00e3o no design e utilidades dom\u00e9sticas.\",\"breadcrumb\":{\"@id\":\"https:\\\/\\\/www.wheaton.com.br\\\/es\\\/blog\\\/wheaton-casa-es\\\/mezcla-combina-crea-nuevos-colores-de-la-linea-confetti\\\/#breadcrumb\"},\"inLanguage\":\"es\",\"potentialAction\":[{\"@type\":\"ReadAction\",\"target\":[\"https:\\\/\\\/www.wheaton.com.br\\\/es\\\/blog\\\/wheaton-casa-es\\\/mezcla-combina-crea-nuevos-colores-de-la-linea-confetti\\\/\"]}]},{\"@type\":\"ImageObject\",\"inLanguage\":\"es\",\"@id\":\"https:\\\/\\\/www.wheaton.com.br\\\/es\\\/blog\\\/wheaton-casa-es\\\/mezcla-combina-crea-nuevos-colores-de-la-linea-confetti\\\/#primaryimage\",\"url\":\"https:\\\/\\\/www.wheaton.com.br\\\/wp-content\\\/uploads\\\/2025\\\/05\\\/misture-combine-crie-novas-cores-da-linha-confetti-cover.jpg\",\"contentUrl\":\"https:\\\/\\\/www.wheaton.com.br\\\/wp-content\\\/uploads\\\/2025\\\/05\\\/misture-combine-crie-novas-cores-da-linha-confetti-cover.jpg\",\"width\":1920,\"height\":1080},{\"@type\":\"BreadcrumbList\",\"@id\":\"https:\\\/\\\/www.wheaton.com.br\\\/es\\\/blog\\\/wheaton-casa-es\\\/mezcla-combina-crea-nuevos-colores-de-la-linea-confetti\\\/#breadcrumb\",\"itemListElement\":[{\"@type\":\"ListItem\",\"position\":1,\"name\":\"In\u00edcio\",\"item\":\"https:\\\/\\\/www.wheaton.com.br\\\/es\\\/\"},{\"@type\":\"ListItem\",\"position\":2,\"name\":\"Mezcla, Combina, Crea: Nuevos colores de la L\u00ednea Confetti\"}]},{\"@type\":\"WebSite\",\"@id\":\"https:\\\/\\\/www.wheaton.com.br\\\/es\\\/#website\",\"url\":\"https:\\\/\\\/www.wheaton.com.br\\\/es\\\/\",\"name\":\"Wheaton\",\"description\":\"Embalagens de vidro para perfumaria e utilidades dom\u00e9sticas\",\"publisher\":{\"@id\":\"https:\\\/\\\/www.wheaton.com.br\\\/es\\\/#organization\"},\"potentialAction\":[{\"@type\":\"SearchAction\",\"target\":{\"@type\":\"EntryPoint\",\"urlTemplate\":\"https:\\\/\\\/www.wheaton.com.br\\\/es\\\/?s={search_term_string}\"},\"query-input\":{\"@type\":\"PropertyValueSpecification\",\"valueRequired\":true,\"valueName\":\"search_term_string\"}}],\"inLanguage\":\"es\"},{\"@type\":\"Organization\",\"@id\":\"https:\\\/\\\/www.wheaton.com.br\\\/es\\\/#organization\",\"name\":\"Wheaton\",\"url\":\"https:\\\/\\\/www.wheaton.com.br\\\/es\\\/\",\"logo\":{\"@type\":\"ImageObject\",\"inLanguage\":\"es\",\"@id\":\"https:\\\/\\\/www.wheaton.com.br\\\/es\\\/#\\\/schema\\\/logo\\\/image\\\/\",\"url\":\"http:\\\/\\\/wheaton.com.br\\\/wp-content\\\/uploads\\\/2021\\\/09\\\/logo_btn-1.png\",\"contentUrl\":\"http:\\\/\\\/wheaton.com.br\\\/wp-content\\\/uploads\\\/2021\\\/09\\\/logo_btn-1.png\",\"width\":80,\"height\":64,\"caption\":\"Wheaton\"},\"image\":{\"@id\":\"https:\\\/\\\/www.wheaton.com.br\\\/es\\\/#\\\/schema\\\/logo\\\/image\\\/\"}},{\"@type\":\"Person\",\"@id\":\"https:\\\/\\\/www.wheaton.com.br\\\/es\\\/#\\\/schema\\\/person\\\/fa4f218431258ee733e36f8c9462b4a0\",\"name\":\"Luana Wheaton\",\"url\":\"https:\\\/\\\/www.wheaton.com.br\\\/es\\\/blog\\\/author\\\/wheaton\\\/\"}]}<\/script>\n<!-- \/ Yoast SEO plugin. -->","yoast_head_json":{"title":"Mezcla, Combina, Crea: Nuevos colores de la L\u00ednea Confetti - Wheaton","description":"Wheaton Casa apresentou tend\u00eancias, lan\u00e7amentos e conex\u00f5es em uma semana de inova\u00e7\u00e3o no design e utilidades dom\u00e9sticas.","robots":{"index":"index","follow":"follow","max-snippet":"max-snippet:-1","max-image-preview":"max-image-preview:large","max-video-preview":"max-video-preview:-1"},"canonical":"https:\/\/www.wheaton.com.br\/es\/blog\/wheaton-casa-es\/mezcla-combina-crea-nuevos-colores-de-la-linea-confetti\/","og_locale":"es_ES","og_type":"article","og_title":"Mezcla, Combina, Crea: Nuevos colores de la L\u00ednea Confetti - Wheaton","og_description":"Wheaton Casa apresentou tend\u00eancias, lan\u00e7amentos e conex\u00f5es em uma semana de inova\u00e7\u00e3o no design e utilidades dom\u00e9sticas.","og_url":"https:\/\/www.wheaton.com.br\/es\/blog\/wheaton-casa-es\/mezcla-combina-crea-nuevos-colores-de-la-linea-confetti\/","og_site_name":"Wheaton","article_published_time":"2025-05-29T18:00:00+00:00","og_image":[{"width":1920,"height":1080,"url":"https:\/\/www.wheaton.com.br\/wp-content\/uploads\/2025\/05\/misture-combine-crie-novas-cores-da-linha-confetti-cover.jpg","type":"image\/jpeg"}],"author":"Luana Wheaton","twitter_card":"summary_large_image","twitter_misc":{"Escrito por":"Luana Wheaton","Tiempo de lectura":"2 minutos"},"schema":{"@context":"https:\/\/schema.org","@graph":[{"@type":"Article","@id":"https:\/\/www.wheaton.com.br\/es\/blog\/wheaton-casa-es\/mezcla-combina-crea-nuevos-colores-de-la-linea-confetti\/#article","isPartOf":{"@id":"https:\/\/www.wheaton.com.br\/es\/blog\/wheaton-casa-es\/mezcla-combina-crea-nuevos-colores-de-la-linea-confetti\/"},"author":{"name":"Luana Wheaton","@id":"https:\/\/www.wheaton.com.br\/es\/#\/schema\/person\/fa4f218431258ee733e36f8c9462b4a0"},"headline":"Mezcla, Combina, Crea: Nuevos colores de la L\u00ednea Confetti","datePublished":"2025-05-29T18:00:00+00:00","mainEntityOfPage":{"@id":"https:\/\/www.wheaton.com.br\/es\/blog\/wheaton-casa-es\/mezcla-combina-crea-nuevos-colores-de-la-linea-confetti\/"},"wordCount":196,"commentCount":0,"publisher":{"@id":"https:\/\/www.wheaton.com.br\/es\/#organization"},"image":{"@id":"https:\/\/www.wheaton.com.br\/es\/blog\/wheaton-casa-es\/mezcla-combina-crea-nuevos-colores-de-la-linea-confetti\/#primaryimage"},"thumbnailUrl":"https:\/\/www.wheaton.com.br\/wp-content\/uploads\/2025\/05\/misture-combine-crie-novas-cores-da-linha-confetti-cover.jpg","keywords":["Confetti azul marino","Confetti coral","decoraci\u00f3n boho","inspiraci\u00f3n n\u00e1utica","L\u00ednea Confetti Wheaton","mesa con personalidad","mesa puesta creativa","tendencia coral y azul","utensilios de mesa Wheaton","vajilla colorida Wheaton","vajilla sofisticada"],"articleSection":["Wheaton Casa"],"inLanguage":"es","potentialAction":[{"@type":"CommentAction","name":"Comment","target":["https:\/\/www.wheaton.com.br\/es\/blog\/wheaton-casa-es\/mezcla-combina-crea-nuevos-colores-de-la-linea-confetti\/#respond"]}]},{"@type":"WebPage","@id":"https:\/\/www.wheaton.com.br\/es\/blog\/wheaton-casa-es\/mezcla-combina-crea-nuevos-colores-de-la-linea-confetti\/","url":"https:\/\/www.wheaton.com.br\/es\/blog\/wheaton-casa-es\/mezcla-combina-crea-nuevos-colores-de-la-linea-confetti\/","name":"Mezcla, Combina, Crea: Nuevos colores de la L\u00ednea Confetti - Wheaton","isPartOf":{"@id":"https:\/\/www.wheaton.com.br\/es\/#website"},"primaryImageOfPage":{"@id":"https:\/\/www.wheaton.com.br\/es\/blog\/wheaton-casa-es\/mezcla-combina-crea-nuevos-colores-de-la-linea-confetti\/#primaryimage"},"image":{"@id":"https:\/\/www.wheaton.com.br\/es\/blog\/wheaton-casa-es\/mezcla-combina-crea-nuevos-colores-de-la-linea-confetti\/#primaryimage"},"thumbnailUrl":"https:\/\/www.wheaton.com.br\/wp-content\/uploads\/2025\/05\/misture-combine-crie-novas-cores-da-linha-confetti-cover.jpg","datePublished":"2025-05-29T18:00:00+00:00","description":"Wheaton Casa apresentou tend\u00eancias, lan\u00e7amentos e conex\u00f5es em uma semana de inova\u00e7\u00e3o no design e utilidades dom\u00e9sticas.","breadcrumb":{"@id":"https:\/\/www.wheaton.com.br\/es\/blog\/wheaton-casa-es\/mezcla-combina-crea-nuevos-colores-de-la-linea-confetti\/#breadcrumb"},"inLanguage":"es","potentialAction":[{"@type":"ReadAction","target":["https:\/\/www.wheaton.com.br\/es\/blog\/wheaton-casa-es\/mezcla-combina-crea-nuevos-colores-de-la-linea-confetti\/"]}]},{"@type":"ImageObject","inLanguage":"es","@id":"https:\/\/www.wheaton.com.br\/es\/blog\/wheaton-casa-es\/mezcla-combina-crea-nuevos-colores-de-la-linea-confetti\/#primaryimage","url":"https:\/\/www.wheaton.com.br\/wp-content\/uploads\/2025\/05\/misture-combine-crie-novas-cores-da-linha-confetti-cover.jpg","contentUrl":"https:\/\/www.wheaton.com.br\/wp-content\/uploads\/2025\/05\/misture-combine-crie-novas-cores-da-linha-confetti-cover.jpg","width":1920,"height":1080},{"@type":"BreadcrumbList","@id":"https:\/\/www.wheaton.com.br\/es\/blog\/wheaton-casa-es\/mezcla-combina-crea-nuevos-colores-de-la-linea-confetti\/#breadcrumb","itemListElement":[{"@type":"ListItem","position":1,"name":"In\u00edcio","item":"https:\/\/www.wheaton.com.br\/es\/"},{"@type":"ListItem","position":2,"name":"Mezcla, Combina, Crea: Nuevos colores de la L\u00ednea Confetti"}]},{"@type":"WebSite","@id":"https:\/\/www.wheaton.com.br\/es\/#website","url":"https:\/\/www.wheaton.com.br\/es\/","name":"Wheaton","description":"Embalagens de vidro para perfumaria e utilidades dom\u00e9sticas","publisher":{"@id":"https:\/\/www.wheaton.com.br\/es\/#organization"},"potentialAction":[{"@type":"SearchAction","target":{"@type":"EntryPoint","urlTemplate":"https:\/\/www.wheaton.com.br\/es\/?s={search_term_string}"},"query-input":{"@type":"PropertyValueSpecification","valueRequired":true,"valueName":"search_term_string"}}],"inLanguage":"es"},{"@type":"Organization","@id":"https:\/\/www.wheaton.com.br\/es\/#organization","name":"Wheaton","url":"https:\/\/www.wheaton.com.br\/es\/","logo":{"@type":"ImageObject","inLanguage":"es","@id":"https:\/\/www.wheaton.com.br\/es\/#\/schema\/logo\/image\/","url":"http:\/\/wheaton.com.br\/wp-content\/uploads\/2021\/09\/logo_btn-1.png","contentUrl":"http:\/\/wheaton.com.br\/wp-content\/uploads\/2021\/09\/logo_btn-1.png","width":80,"height":64,"caption":"Wheaton"},"image":{"@id":"https:\/\/www.wheaton.com.br\/es\/#\/schema\/logo\/image\/"}},{"@type":"Person","@id":"https:\/\/www.wheaton.com.br\/es\/#\/schema\/person\/fa4f218431258ee733e36f8c9462b4a0","name":"Luana Wheaton","url":"https:\/\/www.wheaton.com.br\/es\/blog\/author\/wheaton\/"}]}},"_links":{"self":[{"href":"https:\/\/www.wheaton.com.br\/es\/wp-json\/wp\/v2\/posts\/16367","targetHints":{"allow":["GET"]}}],"collection":[{"href":"https:\/\/www.wheaton.com.br\/es\/wp-json\/wp\/v2\/posts"}],"about":[{"href":"https:\/\/www.wheaton.com.br\/es\/wp-json\/wp\/v2\/types\/post"}],"author":[{"embeddable":true,"href":"https:\/\/www.wheaton.com.br\/es\/wp-json\/wp\/v2\/users\/7"}],"replies":[{"embeddable":true,"href":"https:\/\/www.wheaton.com.br\/es\/wp-json\/wp\/v2\/comments?post=16367"}],"version-history":[{"count":3,"href":"https:\/\/www.wheaton.com.br\/es\/wp-json\/wp\/v2\/posts\/16367\/revisions"}],"predecessor-version":[{"id":16372,"href":"https:\/\/www.wheaton.com.br\/es\/wp-json\/wp\/v2\/posts\/16367\/revisions\/16372"}],"wp:featuredmedia":[{"embeddable":true,"href":"https:\/\/www.wheaton.com.br\/es\/wp-json\/wp\/v2\/media\/16352"}],"wp:attachment":[{"href":"https:\/\/www.wheaton.com.br\/es\/wp-json\/wp\/v2\/media?parent=16367"}],"wp:term":[{"taxonomy":"category","embeddable":true,"href":"https:\/\/www.wheaton.com.br\/es\/wp-json\/wp\/v2\/categories?post=16367"},{"taxonomy":"post_tag","embeddable":true,"href":"https:\/\/www.wheaton.com.br\/es\/wp-json\/wp\/v2\/tags?post=16367"}],"curies":[{"name":"wp","href":"https:\/\/api.w.org\/{rel}","templated":true}]}}