{"id":14404,"date":"2024-06-13T15:15:40","date_gmt":"2024-06-13T18:15:40","guid":{"rendered":"http:\/\/wheaton.com.br\/?p=14404"},"modified":"2025-02-01T19:02:27","modified_gmt":"2025-02-01T22:02:27","slug":"wheaton-atrae-a-los-visitantes-de-fce-cosmetique-2024-con-una-presentacion-de-productos-y-una-experiencia-multisensorial","status":"publish","type":"post","link":"https:\/\/www.wheaton.com.br\/es\/blog\/acontece-es\/wheaton-atrae-a-los-visitantes-de-fce-cosmetique-2024-con-una-presentacion-de-productos-y-una-experiencia-multisensorial\/","title":{"rendered":"Wheaton atrae visitantes de la FCE Cosmetique 2024 con presentaci\u00f3n de productos y experiencia multisensorial"},"content":{"rendered":"\n<p>Con una presencia destacada en todas las ediciones del evento, Wheaton cont\u00f3 con un espacio dividido por temas <strong>\u2014 Tradici\u00f3n y Experiencia, Transparencia y Dise\u00f1o, Tecnolog\u00eda en Decoraci\u00f3n y Sostenibilidad \u2014<\/strong> y encant\u00f3 a los visitantes con una experiencia inmersiva en \u201c<strong>O Mundo de Vidro\u201d <\/strong>(El Mundo de Vidrio), explorando los cuatro sentidos. \u00a1Descubra m\u00e1s!<\/p>\n\n\n\n<p>Wheaton, empresa brasile\u00f1a que opera en el mercado de envases de vidrio, cerr\u00f3 con \u00e9xito su participaci\u00f3n en la <strong>FCE Cosmetique<\/strong> \u2014 la principal feria de cosm\u00e9ticos de Am\u00e9rica Latina. En esta edici\u00f3n de 2024, celebrada del 4 al 6 de junio, la compa\u00f1\u00eda deslumbr\u00f3 a los visitantes con una experiencia multisensorial.<\/p>\n\n\n\n<p>Con m\u00e1s de <strong>5.000<\/strong> personas recibidas, Caroline Mass, Gerente de Marketing e Inteligencia de Mercado de Wheaton, considera que la feria fue un \u00e9xito rotundo.<\/p>\n\n\n\n<p>Recuerda que Wheaton ha participado en todas las <strong>28 ediciones<\/strong> de la FCE Cosmetique hasta el momento y ya est\u00e1 confirmada para la edici\u00f3n del pr\u00f3ximo a\u00f1o, que se llevar\u00e1 a cabo del <strong>10 al 12 de junio de 2025<\/strong>.<\/p>\n\n\n\n<p>Mass comenta que la feria ofrece una excelente oportunidad para mostrar un poco de la experiencia, competencia y trayectoria de Wheaton, que cuenta con m\u00e1s de <strong>siete d\u00e9cadas<\/strong> de actividad en Brasil.<\/p>\n\n\n\n<p><strong>\u201cLa FCE Cosmetique siempre ofrece una gran oportunidad para crear relaciones con nuevos clientes y mantener actualizados a nuestros clientes actuales sobre todo lo que estamos trabajando a lo largo del a\u00f1o\u201d, destaca.<\/strong><\/p>\n\n\n\n<p>La ejecutiva tambi\u00e9n menciona que el <em>stand<\/em> denominado \u201c<strong>O Mundo de Vidro\u201d (\u201cEl Mundo de Vidrio\u201d)<\/strong> llam\u00f3 la atenci\u00f3n con demostraciones de realidad virtual, usando <strong>gafas 4D<\/strong>, nuevos embalajes ecol\u00f3gicos y experiencias que involucraron la vista, el tacto, el olfato y el gusto.<\/p>\n\n\n\n<h2 class=\"wp-block-heading\">Tecnolog\u00eda como aliada de la sostenibilidad<\/h2>\n\n\n\n<p>El<em> stand<\/em> de Wheaton se dividi\u00f3 en pilares, siendo <strong>\u201cTecnolog\u00eda en Decoraci\u00f3n\u201d<\/strong> uno de ellos. En este sector, los visitantes pudieron disfrutar de una mesa con m\u00e1s de <strong>100<\/strong> muestras de las soluciones decorativas ofrecidas por la marca.<\/p>\n\n\n\n<p>En el pilar de <strong>\u201cTransparencia y Dise\u00f1o\u201d<\/strong>, se exhibieron m\u00e1s de <strong>100<\/strong> opciones de frascos que Wheaton ofrece en su portafolio est\u00e1ndar, adem\u00e1s de los lanzamientos de 2024.<\/p>\n\n\n\n<p>Entre los principales destacados de las novedades de este a\u00f1o, se encontraba la<strong> Pintura efeito Cristal<\/strong> (<strong>Pintura Efecto Cristal)<\/strong>. Obtenida a trav\u00e9s de la aplicaci\u00f3n de un barniz que presenta una cristalizaci\u00f3n en torno a la pintura, esta t\u00e9cnica confiere a cada frasco una est\u00e9tica \u00fanica.<\/p>\n\n\n\n<p>Los visitantes tambi\u00e9n pudieron ver las nuevas <strong>Cintas de <em>Hot Stamping<\/em><\/strong>, que son un proceso de decoraci\u00f3n por impresi\u00f3n con cinta t\u00e9rmica que produce grabaciones en oro, plata y otros colores met\u00e1licos, adem\u00e1s de nuevos embalajes de la Linha Standard.<\/p>\n\n\n\n<p>Se presentaron seis nuevos embalajes en tama\u00f1os de <strong>200ml, 100ml, 50ml<\/strong> y <strong>30ml<\/strong>.<\/p>\n\n\n\n<p>La recarga de <strong>200ml<\/strong> forma parte de la <strong>Linha Ecoglass<\/strong>, desarrollada para promover la econom\u00eda circular. Una familia con dise\u00f1o moderno compuesta por frascos de <strong>100ml, 50ml<\/strong> y <strong>30ml<\/strong> que cumplen con est\u00e1ndares internacionales de perfumer\u00eda. La <strong>Linha Fantasia<\/strong> recibe otro frasco en formato geom\u00e9trico con capacidad de <strong>100ml<\/strong>. Y la <strong>Linha Alegria<\/strong> presenta un modelo vers\u00e1til en formato cil\u00edndrico con rosca, reforzando el mensaje sobre la recarga.<\/p>\n\n\n\n<p>Caroline Mass explica que la recarga de <strong>200ml<\/strong>, un embalaje que promueve la econom\u00eda circular, es ligero \u2014 ya que tiene un <strong>20%<\/strong> menos de masa v\u00edtrea que frascos tradicionales \u2014 y sostenible, ya que se produce con un <strong>15%<\/strong> menos de emisiones de CO<sub>2<\/sub>.<strong>\u201cEl consumo est\u00e1 avanzando hacia el tema de la reutilizaci\u00f3n para que descartemos menos materiales. Por lo tanto, fue importante llevar a las personas esta conciencia y aprendizaje sobre el proceso de recarga. La Linha Ecoglass tambi\u00e9n fue concebida para abrir el debate con los clientes sobre la importancia de desarrollar productos pensando en el medio ambiente\u201d, defiende.<\/strong><\/p>\n\n\n\n<figure class=\"wp-block-image size-large\"><img decoding=\"async\" width=\"1024\" height=\"587\" src=\"http:\/\/wheaton.com.br\/wp-content\/uploads\/2024\/06\/capa-fce-2024-2-1024x587.jpg\" alt=\"\" class=\"wp-image-14393\" srcset=\"https:\/\/www.wheaton.com.br\/wp-content\/uploads\/2024\/06\/capa-fce-2024-2-1024x587.jpg 1024w, https:\/\/www.wheaton.com.br\/wp-content\/uploads\/2024\/06\/capa-fce-2024-2-300x172.jpg 300w, https:\/\/www.wheaton.com.br\/wp-content\/uploads\/2024\/06\/capa-fce-2024-2-768x440.jpg 768w, https:\/\/www.wheaton.com.br\/wp-content\/uploads\/2024\/06\/capa-fce-2024-2-1536x880.jpg 1536w, https:\/\/www.wheaton.com.br\/wp-content\/uploads\/2024\/06\/capa-fce-2024-2-600x344.jpg 600w, https:\/\/www.wheaton.com.br\/wp-content\/uploads\/2024\/06\/capa-fce-2024-2.jpg 1986w\" sizes=\"(max-width: 1024px) 100vw, 1024px\" \/><\/figure>\n\n\n\n<h2 class=\"wp-block-heading\">Experiencia multisensorial<\/h2>\n\n\n\n<p>Desde su concepci\u00f3n, el espacio \u201c<strong>O<\/strong> <strong>Mundo de Vidro\u201d (El Mundo de Vidrio)<\/strong> fue dise\u00f1ado para ser inmersivo, permitiendo que los visitantes de la FCE Cosmetique ingresaran a un universo lleno de posibilidades y sensaciones.<\/p>\n\n\n\n<p>En primer lugar, quienes pasaron por el <em>stand <\/em>tuvieron su visi\u00f3n estimulada por paneles LED que mostraron contenidos en v\u00eddeo relacionados con temas importantes para Wheaton: <strong>TECNOLOG\u00cdA, SOSTENIBILIDAD Y DECORACI\u00d3N<\/strong>.<\/p>\n\n\n\n<p>Apostando por la innovaci\u00f3n, los visitantes tambi\u00e9n pudieron utilizar las <strong>Gafas 4D<\/strong>, desarrolladas por Noar, una <em>spin-off<\/em> del Grupo Wheaton. Al proyectar im\u00e1genes en <strong>Realidad Virtual (RV)<\/strong>, los participantes vivieron todo el proceso de creaci\u00f3n de un perfume, desde el <em>briefing<\/em> hasta la decoraci\u00f3n del frasco para la perfumer\u00eda.<\/p>\n\n\n\n<p>Ambientadas en el metaverso, las gafas tambi\u00e9n ofrec\u00edan a los visitantes la posibilidad de sentir el perfume. Las gafas de Noar cuentan con tecnolog\u00eda exclusiva de <strong>olor digital<\/strong>, que es emitido por el propio equipo.<\/p>\n\n\n\n<p>Las fragancias tambi\u00e9n estaban esparcidas por todo el <em>stand<\/em> de Wheaton, que ofreci\u00f3 adem\u00e1s experiencias t\u00e1ctiles con los envases y sensaciones gustativas para el p\u00fablico. Caroline Mass afirma que las experiencias con sabores fueron promovidas a trav\u00e9s de caf\u00e9s y c\u00f3cteles. \u201cQuer\u00edamos cerrar el ciclo de la experiencia ofreciendo caf\u00e9s y c\u00f3cteles tem\u00e1ticos, con nombres que&nbsp; hac\u00edan referencia al universo de Wheaton. La idea fue construir este mundo en el que el cliente puede explorar y comprender el desarrollo de los productos.\u201d<\/p>\n\n\n\n<figure class=\"wp-block-image size-large\"><img decoding=\"async\" width=\"1024\" height=\"587\" src=\"http:\/\/wheaton.com.br\/wp-content\/uploads\/2024\/06\/capa-fce-2024-3-1024x587.jpg\" alt=\"\" class=\"wp-image-14396\" srcset=\"https:\/\/www.wheaton.com.br\/wp-content\/uploads\/2024\/06\/capa-fce-2024-3-1024x587.jpg 1024w, https:\/\/www.wheaton.com.br\/wp-content\/uploads\/2024\/06\/capa-fce-2024-3-300x172.jpg 300w, https:\/\/www.wheaton.com.br\/wp-content\/uploads\/2024\/06\/capa-fce-2024-3-768x440.jpg 768w, https:\/\/www.wheaton.com.br\/wp-content\/uploads\/2024\/06\/capa-fce-2024-3-1536x880.jpg 1536w, https:\/\/www.wheaton.com.br\/wp-content\/uploads\/2024\/06\/capa-fce-2024-3-600x344.jpg 600w, https:\/\/www.wheaton.com.br\/wp-content\/uploads\/2024\/06\/capa-fce-2024-3.jpg 1986w\" sizes=\"(max-width: 1024px) 100vw, 1024px\" \/><\/figure>\n\n\n\n<h2 class=\"wp-block-heading\">Llamado a la memoria y la nostalgia<\/h2>\n\n\n\n<p>El \u00faltimo pilar de Wheaton durante la FCE Cosmetique 2024 fue la \u201c<strong>Tradi\u00e7\u00e3o e Expertise<\/strong>\u201d (\u201c<strong>Tradici\u00f3n y Experiencia<\/strong>\u201d), haciendo referencia a la propia empresa. En este sentido, se presentaron productos ic\u00f3nicos producidos a lo largo de m\u00e1s de <strong>siete d\u00e9cadas<\/strong> de Wheaton.<\/p>\n\n\n\n<p>En el llamado <strong>Espa\u00e7o Mem\u00f3ria do Vidro (Espacio Memoria del Vidrio)<\/strong>, los perfumes evocaban las memorias olfativas y afectivas de los visitantes, mientras que los envases \u2014 que tambi\u00e9n estaban presentes \u2014 ayudaban a componer la historia.<\/p>\n\n\n\n<p>\u201cHicimos un esfuerzo especial para traer la tradici\u00f3n a este n\u00facleo, despertando el recuerdo de productos antiguos que fabricamos en el pasado, como la <strong>Linha Mam\u00e3e e Beb\u00ea<\/strong> y <strong>Rastro<\/strong>, que fue una de las primeras perfumer\u00edas de Brasil. Estas producciones permitieron que Wheaton adquiriera <em>know-how<\/em> y experiencia para los proyectos actuales. Y todo esto fue solo un pedazo de la historia de Wheaton\u201d, relata Mass.<\/p>\n\n\n\n<p>Finalmente, la ejecutiva menciona que todo el <em>stand<\/em> fue pensado de manera interconectada para ofrecer una experiencia memorable. \u201cTodo lo que llevamos a la FCE Cosmetique fue para demostrar cu\u00e1nto, en estos 72 a\u00f1os, Wheaton ha absorbido de experiencia y cu\u00e1nto puede aportar en el desarrollo de los proyectos de los clientes en temas de transparencia, dise\u00f1o, innovaci\u00f3n y tecnolog\u00eda.\u201d<\/p>\n\n\n\n<figure class=\"wp-block-embed is-type-video is-provider-youtube wp-block-embed-youtube wp-embed-aspect-16-9 wp-has-aspect-ratio\"><div class=\"wp-block-embed__wrapper\">\n<iframe title=\"FCE - 2024\" width=\"500\" height=\"281\" src=\"https:\/\/www.youtube.com\/embed\/loLvahkwx_8?feature=oembed\" frameborder=\"0\" allow=\"accelerometer; autoplay; clipboard-write; encrypted-media; gyroscope; picture-in-picture; web-share\" referrerpolicy=\"strict-origin-when-cross-origin\" allowfullscreen><\/iframe>\n<\/div><\/figure>\n","protected":false},"excerpt":{"rendered":"<p>Con una presencia destacada en todas las ediciones del evento, Wheaton cont\u00f3 con un espacio[&#8230;]<\/p>\n","protected":false},"author":7,"featured_media":14399,"comment_status":"open","ping_status":"open","sticky":false,"template":"","format":"standard","meta":{"_acf_changed":false,"inline_featured_image":false,"footnotes":""},"categories":[602],"tags":[],"class_list":["post-14404","post","type-post","status-publish","format-standard","has-post-thumbnail","hentry","category-acontece-es"],"acf":[],"yoast_head":"<!-- This site is optimized with the Yoast SEO plugin v27.4 - https:\/\/yoast.com\/product\/yoast-seo-wordpress\/ -->\n<title>Wheaton atrae visitantes de la FCE Cosmetique 2024 con presentaci\u00f3n de productos y experiencia multisensorial - Wheaton<\/title>\n<meta name=\"description\" content=\"Con una presencia destacada en todas las ediciones del evento, Wheaton cont\u00f3 con un espacio dividido por temas \u2014 Tradici\u00f3n y Experiencia, Transparencia y\" \/>\n<meta name=\"robots\" content=\"index, follow, max-snippet:-1, max-image-preview:large, max-video-preview:-1\" \/>\n<link rel=\"canonical\" href=\"https:\/\/www.wheaton.com.br\/es\/blog\/acontece-es\/wheaton-atrae-a-los-visitantes-de-fce-cosmetique-2024-con-una-presentacion-de-productos-y-una-experiencia-multisensorial\/\" \/>\n<meta property=\"og:locale\" content=\"es_ES\" \/>\n<meta property=\"og:type\" content=\"article\" \/>\n<meta property=\"og:title\" content=\"Wheaton atrae visitantes de la FCE Cosmetique 2024 con presentaci\u00f3n de productos y experiencia multisensorial - Wheaton\" \/>\n<meta property=\"og:description\" content=\"Con una presencia destacada en todas las ediciones del evento, Wheaton cont\u00f3 con un espacio dividido por temas \u2014 Tradici\u00f3n y Experiencia, Transparencia y\" \/>\n<meta property=\"og:url\" content=\"https:\/\/www.wheaton.com.br\/es\/blog\/acontece-es\/wheaton-atrae-a-los-visitantes-de-fce-cosmetique-2024-con-una-presentacion-de-productos-y-una-experiencia-multisensorial\/\" \/>\n<meta property=\"og:site_name\" content=\"Wheaton\" \/>\n<meta property=\"article:published_time\" content=\"2024-06-13T18:15:40+00:00\" \/>\n<meta property=\"article:modified_time\" content=\"2025-02-01T22:02:27+00:00\" \/>\n<meta property=\"og:image\" content=\"https:\/\/www.wheaton.com.br\/wp-content\/uploads\/2024\/06\/capa-fce-2024.jpg\" \/>\n\t<meta property=\"og:image:width\" content=\"1986\" \/>\n\t<meta property=\"og:image:height\" content=\"1138\" \/>\n\t<meta property=\"og:image:type\" content=\"image\/jpeg\" \/>\n<meta name=\"author\" content=\"Luana Wheaton\" \/>\n<meta name=\"twitter:card\" content=\"summary_large_image\" \/>\n<meta name=\"twitter:label1\" content=\"Escrito por\" \/>\n\t<meta name=\"twitter:data1\" content=\"Luana Wheaton\" \/>\n\t<meta name=\"twitter:label2\" content=\"Tiempo de lectura\" \/>\n\t<meta name=\"twitter:data2\" content=\"7 minutos\" \/>\n<script type=\"application\/ld+json\" class=\"yoast-schema-graph\">{\"@context\":\"https:\\\/\\\/schema.org\",\"@graph\":[{\"@type\":\"Article\",\"@id\":\"https:\\\/\\\/www.wheaton.com.br\\\/es\\\/blog\\\/acontece-es\\\/wheaton-atrae-a-los-visitantes-de-fce-cosmetique-2024-con-una-presentacion-de-productos-y-una-experiencia-multisensorial\\\/#article\",\"isPartOf\":{\"@id\":\"https:\\\/\\\/www.wheaton.com.br\\\/es\\\/blog\\\/acontece-es\\\/wheaton-atrae-a-los-visitantes-de-fce-cosmetique-2024-con-una-presentacion-de-productos-y-una-experiencia-multisensorial\\\/\"},\"author\":{\"name\":\"Luana Wheaton\",\"@id\":\"https:\\\/\\\/www.wheaton.com.br\\\/es\\\/#\\\/schema\\\/person\\\/fa4f218431258ee733e36f8c9462b4a0\"},\"headline\":\"Wheaton atrae visitantes de la FCE Cosmetique 2024 con presentaci\u00f3n de productos y experiencia multisensorial\",\"datePublished\":\"2024-06-13T18:15:40+00:00\",\"dateModified\":\"2025-02-01T22:02:27+00:00\",\"mainEntityOfPage\":{\"@id\":\"https:\\\/\\\/www.wheaton.com.br\\\/es\\\/blog\\\/acontece-es\\\/wheaton-atrae-a-los-visitantes-de-fce-cosmetique-2024-con-una-presentacion-de-productos-y-una-experiencia-multisensorial\\\/\"},\"wordCount\":1163,\"commentCount\":0,\"publisher\":{\"@id\":\"https:\\\/\\\/www.wheaton.com.br\\\/es\\\/#organization\"},\"image\":{\"@id\":\"https:\\\/\\\/www.wheaton.com.br\\\/es\\\/blog\\\/acontece-es\\\/wheaton-atrae-a-los-visitantes-de-fce-cosmetique-2024-con-una-presentacion-de-productos-y-una-experiencia-multisensorial\\\/#primaryimage\"},\"thumbnailUrl\":\"https:\\\/\\\/www.wheaton.com.br\\\/wp-content\\\/uploads\\\/2024\\\/06\\\/capa-fce-2024.jpg\",\"articleSection\":[\"Acontece\"],\"inLanguage\":\"es\",\"potentialAction\":[{\"@type\":\"CommentAction\",\"name\":\"Comment\",\"target\":[\"https:\\\/\\\/www.wheaton.com.br\\\/es\\\/blog\\\/acontece-es\\\/wheaton-atrae-a-los-visitantes-de-fce-cosmetique-2024-con-una-presentacion-de-productos-y-una-experiencia-multisensorial\\\/#respond\"]}]},{\"@type\":\"WebPage\",\"@id\":\"https:\\\/\\\/www.wheaton.com.br\\\/es\\\/blog\\\/acontece-es\\\/wheaton-atrae-a-los-visitantes-de-fce-cosmetique-2024-con-una-presentacion-de-productos-y-una-experiencia-multisensorial\\\/\",\"url\":\"https:\\\/\\\/www.wheaton.com.br\\\/es\\\/blog\\\/acontece-es\\\/wheaton-atrae-a-los-visitantes-de-fce-cosmetique-2024-con-una-presentacion-de-productos-y-una-experiencia-multisensorial\\\/\",\"name\":\"Wheaton atrae visitantes de la FCE Cosmetique 2024 con presentaci\u00f3n de productos y experiencia multisensorial - Wheaton\",\"isPartOf\":{\"@id\":\"https:\\\/\\\/www.wheaton.com.br\\\/es\\\/#website\"},\"primaryImageOfPage\":{\"@id\":\"https:\\\/\\\/www.wheaton.com.br\\\/es\\\/blog\\\/acontece-es\\\/wheaton-atrae-a-los-visitantes-de-fce-cosmetique-2024-con-una-presentacion-de-productos-y-una-experiencia-multisensorial\\\/#primaryimage\"},\"image\":{\"@id\":\"https:\\\/\\\/www.wheaton.com.br\\\/es\\\/blog\\\/acontece-es\\\/wheaton-atrae-a-los-visitantes-de-fce-cosmetique-2024-con-una-presentacion-de-productos-y-una-experiencia-multisensorial\\\/#primaryimage\"},\"thumbnailUrl\":\"https:\\\/\\\/www.wheaton.com.br\\\/wp-content\\\/uploads\\\/2024\\\/06\\\/capa-fce-2024.jpg\",\"datePublished\":\"2024-06-13T18:15:40+00:00\",\"dateModified\":\"2025-02-01T22:02:27+00:00\",\"description\":\"Con una presencia destacada en todas las ediciones del evento, Wheaton cont\u00f3 con un espacio dividido por temas \u2014 Tradici\u00f3n y Experiencia, Transparencia y\",\"breadcrumb\":{\"@id\":\"https:\\\/\\\/www.wheaton.com.br\\\/es\\\/blog\\\/acontece-es\\\/wheaton-atrae-a-los-visitantes-de-fce-cosmetique-2024-con-una-presentacion-de-productos-y-una-experiencia-multisensorial\\\/#breadcrumb\"},\"inLanguage\":\"es\",\"potentialAction\":[{\"@type\":\"ReadAction\",\"target\":[\"https:\\\/\\\/www.wheaton.com.br\\\/es\\\/blog\\\/acontece-es\\\/wheaton-atrae-a-los-visitantes-de-fce-cosmetique-2024-con-una-presentacion-de-productos-y-una-experiencia-multisensorial\\\/\"]}]},{\"@type\":\"ImageObject\",\"inLanguage\":\"es\",\"@id\":\"https:\\\/\\\/www.wheaton.com.br\\\/es\\\/blog\\\/acontece-es\\\/wheaton-atrae-a-los-visitantes-de-fce-cosmetique-2024-con-una-presentacion-de-productos-y-una-experiencia-multisensorial\\\/#primaryimage\",\"url\":\"https:\\\/\\\/www.wheaton.com.br\\\/wp-content\\\/uploads\\\/2024\\\/06\\\/capa-fce-2024.jpg\",\"contentUrl\":\"https:\\\/\\\/www.wheaton.com.br\\\/wp-content\\\/uploads\\\/2024\\\/06\\\/capa-fce-2024.jpg\",\"width\":1986,\"height\":1138},{\"@type\":\"BreadcrumbList\",\"@id\":\"https:\\\/\\\/www.wheaton.com.br\\\/es\\\/blog\\\/acontece-es\\\/wheaton-atrae-a-los-visitantes-de-fce-cosmetique-2024-con-una-presentacion-de-productos-y-una-experiencia-multisensorial\\\/#breadcrumb\",\"itemListElement\":[{\"@type\":\"ListItem\",\"position\":1,\"name\":\"In\u00edcio\",\"item\":\"https:\\\/\\\/www.wheaton.com.br\\\/es\\\/\"},{\"@type\":\"ListItem\",\"position\":2,\"name\":\"Wheaton atrae visitantes de la FCE Cosmetique 2024 con presentaci\u00f3n de productos y experiencia multisensorial\"}]},{\"@type\":\"WebSite\",\"@id\":\"https:\\\/\\\/www.wheaton.com.br\\\/es\\\/#website\",\"url\":\"https:\\\/\\\/www.wheaton.com.br\\\/es\\\/\",\"name\":\"Wheaton\",\"description\":\"Embalagens de vidro para perfumaria e utilidades dom\u00e9sticas\",\"publisher\":{\"@id\":\"https:\\\/\\\/www.wheaton.com.br\\\/es\\\/#organization\"},\"potentialAction\":[{\"@type\":\"SearchAction\",\"target\":{\"@type\":\"EntryPoint\",\"urlTemplate\":\"https:\\\/\\\/www.wheaton.com.br\\\/es\\\/?s={search_term_string}\"},\"query-input\":{\"@type\":\"PropertyValueSpecification\",\"valueRequired\":true,\"valueName\":\"search_term_string\"}}],\"inLanguage\":\"es\"},{\"@type\":\"Organization\",\"@id\":\"https:\\\/\\\/www.wheaton.com.br\\\/es\\\/#organization\",\"name\":\"Wheaton\",\"url\":\"https:\\\/\\\/www.wheaton.com.br\\\/es\\\/\",\"logo\":{\"@type\":\"ImageObject\",\"inLanguage\":\"es\",\"@id\":\"https:\\\/\\\/www.wheaton.com.br\\\/es\\\/#\\\/schema\\\/logo\\\/image\\\/\",\"url\":\"http:\\\/\\\/wheaton.com.br\\\/wp-content\\\/uploads\\\/2021\\\/09\\\/logo_btn-1.png\",\"contentUrl\":\"http:\\\/\\\/wheaton.com.br\\\/wp-content\\\/uploads\\\/2021\\\/09\\\/logo_btn-1.png\",\"width\":80,\"height\":64,\"caption\":\"Wheaton\"},\"image\":{\"@id\":\"https:\\\/\\\/www.wheaton.com.br\\\/es\\\/#\\\/schema\\\/logo\\\/image\\\/\"}},{\"@type\":\"Person\",\"@id\":\"https:\\\/\\\/www.wheaton.com.br\\\/es\\\/#\\\/schema\\\/person\\\/fa4f218431258ee733e36f8c9462b4a0\",\"name\":\"Luana Wheaton\",\"url\":\"https:\\\/\\\/www.wheaton.com.br\\\/es\\\/blog\\\/author\\\/wheaton\\\/\"}]}<\/script>\n<!-- \/ Yoast SEO plugin. -->","yoast_head_json":{"title":"Wheaton atrae visitantes de la FCE Cosmetique 2024 con presentaci\u00f3n de productos y experiencia multisensorial - Wheaton","description":"Con una presencia destacada en todas las ediciones del evento, Wheaton cont\u00f3 con un espacio dividido por temas \u2014 Tradici\u00f3n y Experiencia, Transparencia y","robots":{"index":"index","follow":"follow","max-snippet":"max-snippet:-1","max-image-preview":"max-image-preview:large","max-video-preview":"max-video-preview:-1"},"canonical":"https:\/\/www.wheaton.com.br\/es\/blog\/acontece-es\/wheaton-atrae-a-los-visitantes-de-fce-cosmetique-2024-con-una-presentacion-de-productos-y-una-experiencia-multisensorial\/","og_locale":"es_ES","og_type":"article","og_title":"Wheaton atrae visitantes de la FCE Cosmetique 2024 con presentaci\u00f3n de productos y experiencia multisensorial - Wheaton","og_description":"Con una presencia destacada en todas las ediciones del evento, Wheaton cont\u00f3 con un espacio dividido por temas \u2014 Tradici\u00f3n y Experiencia, Transparencia y","og_url":"https:\/\/www.wheaton.com.br\/es\/blog\/acontece-es\/wheaton-atrae-a-los-visitantes-de-fce-cosmetique-2024-con-una-presentacion-de-productos-y-una-experiencia-multisensorial\/","og_site_name":"Wheaton","article_published_time":"2024-06-13T18:15:40+00:00","article_modified_time":"2025-02-01T22:02:27+00:00","og_image":[{"width":1986,"height":1138,"url":"https:\/\/www.wheaton.com.br\/wp-content\/uploads\/2024\/06\/capa-fce-2024.jpg","type":"image\/jpeg"}],"author":"Luana Wheaton","twitter_card":"summary_large_image","twitter_misc":{"Escrito por":"Luana Wheaton","Tiempo de lectura":"7 minutos"},"schema":{"@context":"https:\/\/schema.org","@graph":[{"@type":"Article","@id":"https:\/\/www.wheaton.com.br\/es\/blog\/acontece-es\/wheaton-atrae-a-los-visitantes-de-fce-cosmetique-2024-con-una-presentacion-de-productos-y-una-experiencia-multisensorial\/#article","isPartOf":{"@id":"https:\/\/www.wheaton.com.br\/es\/blog\/acontece-es\/wheaton-atrae-a-los-visitantes-de-fce-cosmetique-2024-con-una-presentacion-de-productos-y-una-experiencia-multisensorial\/"},"author":{"name":"Luana Wheaton","@id":"https:\/\/www.wheaton.com.br\/es\/#\/schema\/person\/fa4f218431258ee733e36f8c9462b4a0"},"headline":"Wheaton atrae visitantes de la FCE Cosmetique 2024 con presentaci\u00f3n de productos y experiencia multisensorial","datePublished":"2024-06-13T18:15:40+00:00","dateModified":"2025-02-01T22:02:27+00:00","mainEntityOfPage":{"@id":"https:\/\/www.wheaton.com.br\/es\/blog\/acontece-es\/wheaton-atrae-a-los-visitantes-de-fce-cosmetique-2024-con-una-presentacion-de-productos-y-una-experiencia-multisensorial\/"},"wordCount":1163,"commentCount":0,"publisher":{"@id":"https:\/\/www.wheaton.com.br\/es\/#organization"},"image":{"@id":"https:\/\/www.wheaton.com.br\/es\/blog\/acontece-es\/wheaton-atrae-a-los-visitantes-de-fce-cosmetique-2024-con-una-presentacion-de-productos-y-una-experiencia-multisensorial\/#primaryimage"},"thumbnailUrl":"https:\/\/www.wheaton.com.br\/wp-content\/uploads\/2024\/06\/capa-fce-2024.jpg","articleSection":["Acontece"],"inLanguage":"es","potentialAction":[{"@type":"CommentAction","name":"Comment","target":["https:\/\/www.wheaton.com.br\/es\/blog\/acontece-es\/wheaton-atrae-a-los-visitantes-de-fce-cosmetique-2024-con-una-presentacion-de-productos-y-una-experiencia-multisensorial\/#respond"]}]},{"@type":"WebPage","@id":"https:\/\/www.wheaton.com.br\/es\/blog\/acontece-es\/wheaton-atrae-a-los-visitantes-de-fce-cosmetique-2024-con-una-presentacion-de-productos-y-una-experiencia-multisensorial\/","url":"https:\/\/www.wheaton.com.br\/es\/blog\/acontece-es\/wheaton-atrae-a-los-visitantes-de-fce-cosmetique-2024-con-una-presentacion-de-productos-y-una-experiencia-multisensorial\/","name":"Wheaton atrae visitantes de la FCE Cosmetique 2024 con presentaci\u00f3n de productos y experiencia multisensorial - Wheaton","isPartOf":{"@id":"https:\/\/www.wheaton.com.br\/es\/#website"},"primaryImageOfPage":{"@id":"https:\/\/www.wheaton.com.br\/es\/blog\/acontece-es\/wheaton-atrae-a-los-visitantes-de-fce-cosmetique-2024-con-una-presentacion-de-productos-y-una-experiencia-multisensorial\/#primaryimage"},"image":{"@id":"https:\/\/www.wheaton.com.br\/es\/blog\/acontece-es\/wheaton-atrae-a-los-visitantes-de-fce-cosmetique-2024-con-una-presentacion-de-productos-y-una-experiencia-multisensorial\/#primaryimage"},"thumbnailUrl":"https:\/\/www.wheaton.com.br\/wp-content\/uploads\/2024\/06\/capa-fce-2024.jpg","datePublished":"2024-06-13T18:15:40+00:00","dateModified":"2025-02-01T22:02:27+00:00","description":"Con una presencia destacada en todas las ediciones del evento, Wheaton cont\u00f3 con un espacio dividido por temas \u2014 Tradici\u00f3n y Experiencia, Transparencia y","breadcrumb":{"@id":"https:\/\/www.wheaton.com.br\/es\/blog\/acontece-es\/wheaton-atrae-a-los-visitantes-de-fce-cosmetique-2024-con-una-presentacion-de-productos-y-una-experiencia-multisensorial\/#breadcrumb"},"inLanguage":"es","potentialAction":[{"@type":"ReadAction","target":["https:\/\/www.wheaton.com.br\/es\/blog\/acontece-es\/wheaton-atrae-a-los-visitantes-de-fce-cosmetique-2024-con-una-presentacion-de-productos-y-una-experiencia-multisensorial\/"]}]},{"@type":"ImageObject","inLanguage":"es","@id":"https:\/\/www.wheaton.com.br\/es\/blog\/acontece-es\/wheaton-atrae-a-los-visitantes-de-fce-cosmetique-2024-con-una-presentacion-de-productos-y-una-experiencia-multisensorial\/#primaryimage","url":"https:\/\/www.wheaton.com.br\/wp-content\/uploads\/2024\/06\/capa-fce-2024.jpg","contentUrl":"https:\/\/www.wheaton.com.br\/wp-content\/uploads\/2024\/06\/capa-fce-2024.jpg","width":1986,"height":1138},{"@type":"BreadcrumbList","@id":"https:\/\/www.wheaton.com.br\/es\/blog\/acontece-es\/wheaton-atrae-a-los-visitantes-de-fce-cosmetique-2024-con-una-presentacion-de-productos-y-una-experiencia-multisensorial\/#breadcrumb","itemListElement":[{"@type":"ListItem","position":1,"name":"In\u00edcio","item":"https:\/\/www.wheaton.com.br\/es\/"},{"@type":"ListItem","position":2,"name":"Wheaton atrae visitantes de la FCE Cosmetique 2024 con presentaci\u00f3n de productos y experiencia multisensorial"}]},{"@type":"WebSite","@id":"https:\/\/www.wheaton.com.br\/es\/#website","url":"https:\/\/www.wheaton.com.br\/es\/","name":"Wheaton","description":"Embalagens de vidro para perfumaria e utilidades dom\u00e9sticas","publisher":{"@id":"https:\/\/www.wheaton.com.br\/es\/#organization"},"potentialAction":[{"@type":"SearchAction","target":{"@type":"EntryPoint","urlTemplate":"https:\/\/www.wheaton.com.br\/es\/?s={search_term_string}"},"query-input":{"@type":"PropertyValueSpecification","valueRequired":true,"valueName":"search_term_string"}}],"inLanguage":"es"},{"@type":"Organization","@id":"https:\/\/www.wheaton.com.br\/es\/#organization","name":"Wheaton","url":"https:\/\/www.wheaton.com.br\/es\/","logo":{"@type":"ImageObject","inLanguage":"es","@id":"https:\/\/www.wheaton.com.br\/es\/#\/schema\/logo\/image\/","url":"http:\/\/wheaton.com.br\/wp-content\/uploads\/2021\/09\/logo_btn-1.png","contentUrl":"http:\/\/wheaton.com.br\/wp-content\/uploads\/2021\/09\/logo_btn-1.png","width":80,"height":64,"caption":"Wheaton"},"image":{"@id":"https:\/\/www.wheaton.com.br\/es\/#\/schema\/logo\/image\/"}},{"@type":"Person","@id":"https:\/\/www.wheaton.com.br\/es\/#\/schema\/person\/fa4f218431258ee733e36f8c9462b4a0","name":"Luana Wheaton","url":"https:\/\/www.wheaton.com.br\/es\/blog\/author\/wheaton\/"}]}},"_links":{"self":[{"href":"https:\/\/www.wheaton.com.br\/es\/wp-json\/wp\/v2\/posts\/14404","targetHints":{"allow":["GET"]}}],"collection":[{"href":"https:\/\/www.wheaton.com.br\/es\/wp-json\/wp\/v2\/posts"}],"about":[{"href":"https:\/\/www.wheaton.com.br\/es\/wp-json\/wp\/v2\/types\/post"}],"author":[{"embeddable":true,"href":"https:\/\/www.wheaton.com.br\/es\/wp-json\/wp\/v2\/users\/7"}],"replies":[{"embeddable":true,"href":"https:\/\/www.wheaton.com.br\/es\/wp-json\/wp\/v2\/comments?post=14404"}],"version-history":[{"count":0,"href":"https:\/\/www.wheaton.com.br\/es\/wp-json\/wp\/v2\/posts\/14404\/revisions"}],"wp:featuredmedia":[{"embeddable":true,"href":"https:\/\/www.wheaton.com.br\/es\/wp-json\/wp\/v2\/media\/14399"}],"wp:attachment":[{"href":"https:\/\/www.wheaton.com.br\/es\/wp-json\/wp\/v2\/media?parent=14404"}],"wp:term":[{"taxonomy":"category","embeddable":true,"href":"https:\/\/www.wheaton.com.br\/es\/wp-json\/wp\/v2\/categories?post=14404"},{"taxonomy":"post_tag","embeddable":true,"href":"https:\/\/www.wheaton.com.br\/es\/wp-json\/wp\/v2\/tags?post=14404"}],"curies":[{"name":"wp","href":"https:\/\/api.w.org\/{rel}","templated":true}]}}